{"id":1278,"date":"2025-09-09T17:03:53","date_gmt":"2025-09-09T17:03:53","guid":{"rendered":"https:\/\/minasemfoco.com.br\/on\/?p=1278"},"modified":"2025-09-09T17:07:12","modified_gmt":"2025-09-09T17:07:12","slug":"motociclista-morre-em-acidente-no-centro-de-pouso-alegre","status":"publish","type":"post","link":"https:\/\/minasemfoco.com.br\/on\/2025\/09\/09\/motociclista-morre-em-acidente-no-centro-de-pouso-alegre\/","title":{"rendered":"Motociclista morre em acidente no Centro de Pouso Alegre"},"content":{"rendered":"<p data-start=\"152\" data-end=\"343\"><span style=\"font-family: tahoma, arial, helvetica, sans-serif;\">Um homem de 38 anos morreu ap\u00f3s um acidente de moto no cruzamento da Avenida Doutor Lisboa com a Rua Herculano Cobra, no Centro de Pouso Alegre (MG), no final da tarde de segunda-feira (8).<\/span><\/p>\n<p data-start=\"345\" data-end=\"575\"><span style=\"font-family: tahoma, arial, helvetica, sans-serif;\">O momento da batida foi registrado por uma c\u00e2mera de seguran\u00e7a. As imagens mostram o motociclista passando pelo cruzamento em alta velocidade e atingindo a lateral de um carro. Com o impacto, ele foi arremessado sobre o ve\u00edculo.<\/span><\/p>\n<p data-start=\"577\" data-end=\"819\"><span style=\"font-family: tahoma, arial, helvetica, sans-serif;\">Segundo a Pol\u00edcia Militar, uma testemunha relatou que o condutor havia arrancado em alta velocidade nos dois sem\u00e1foros anteriores ao local do acidente. Ainda de acordo com a corpora\u00e7\u00e3o, ele n\u00e3o possu\u00eda habilita\u00e7\u00e3o para conduzir motocicleta.<\/span><\/p>\n<p data-start=\"821\" data-end=\"1047\"><span style=\"font-family: tahoma, arial, helvetica, sans-serif;\">A v\u00edtima, identificada como <strong data-start=\"849\" data-end=\"879\">Exduar Jose Arzolay Gascon<\/strong>, de nacionalidade venezuelana e morador de Pouso Alegre, chegou a ser socorrida em estado grave e levada ao Hospital Samuel Lib\u00e2nio, mas n\u00e3o resistiu aos ferimentos.<\/span><\/p>\n<figure id=\"attachment_1283\" aria-describedby=\"caption-attachment-1283\" style=\"width: 1280px\" class=\"wp-caption alignnone\"><img loading=\"lazy\" decoding=\"async\" class=\"wp-image-1283 size-full\" src=\"https:\/\/minasemfoco.com.br\/on\/wp-content\/uploads\/2025\/09\/b91f6a3c-8d0b-45c2-96da-1df9f64ed2f1.jpg\" alt=\"\" width=\"1280\" height=\"720\" srcset=\"https:\/\/minasemfoco.com.br\/on\/wp-content\/uploads\/2025\/09\/b91f6a3c-8d0b-45c2-96da-1df9f64ed2f1.jpg 1280w, https:\/\/minasemfoco.com.br\/on\/wp-content\/uploads\/2025\/09\/b91f6a3c-8d0b-45c2-96da-1df9f64ed2f1-300x169.jpg 300w, https:\/\/minasemfoco.com.br\/on\/wp-content\/uploads\/2025\/09\/b91f6a3c-8d0b-45c2-96da-1df9f64ed2f1-1024x576.jpg 1024w, https:\/\/minasemfoco.com.br\/on\/wp-content\/uploads\/2025\/09\/b91f6a3c-8d0b-45c2-96da-1df9f64ed2f1-768x432.jpg 768w\" sizes=\"auto, (max-width: 1280px) 100vw, 1280px\" \/><figcaption id=\"caption-attachment-1283\" class=\"wp-caption-text\">\u00a9 Redes Sociais<\/figcaption><\/figure>\n<p data-start=\"1049\" data-end=\"1248\"><span style=\"font-family: tahoma, arial, helvetica, sans-serif;\">O vel\u00f3rio acontece nesta ter\u00e7a-feira (9), a partir das 14h, na Funer\u00e1ria Santa Edwiges. O sepultamento est\u00e1 previsto para quarta-feira (10), no Cemit\u00e9rio Municipal, em hor\u00e1rio ainda a ser definido.<\/span><\/p>\n<p data-start=\"1250\" data-end=\"1395\"><span style=\"font-family: tahoma, arial, helvetica, sans-serif;\">No carro atingido estavam um homem e uma mulher, que relataram ter entrado na avenida ap\u00f3s a parada obrigat\u00f3ria, sendo surpreendidos pela moto.<\/span><\/p>\n<p data-start=\"1397\" data-end=\"1610\"><span style=\"font-family: tahoma, arial, helvetica, sans-serif;\">\ud83d\udcca De acordo com a Regional de Seguran\u00e7a de Pouso Alegre, entre janeiro e julho deste ano foram registrados <strong data-start=\"1505\" data-end=\"1536\">5.431 acidentes de tr\u00e2nsito<\/strong> na cidade, um aumento de <strong data-start=\"1562\" data-end=\"1571\">4,53%<\/strong> em rela\u00e7\u00e3o ao mesmo per\u00edodo de 2024.<\/span><\/p>\n<p><span style=\"font-family: tahoma, arial, helvetica, sans-serif;\"><!--more--><\/span><\/p>\n<input type=\"hidden\" id=\"baseurl\" value=\"https:\/\/minasemfoco.com.br\/on\"><input type=\"hidden\" id=\"audio_nonce\" value=\"ba7cee1b3e\">","protected":false},"excerpt":{"rendered":"<p>Um homem de 38 anos morreu ap\u00f3s um acidente de moto no cruzamento da Avenida Doutor Lisboa com a Rua&hellip;<\/p>\n","protected":false},"author":1,"featured_media":1281,"comment_status":"closed","ping_status":"closed","sticky":false,"template":"","format":"standard","meta":{"pagelayer_contact_templates":[],"_pagelayer_content":"","footnotes":"","jetpack_publicize_message":"","jetpack_publicize_feature_enabled":true,"jetpack_social_post_already_shared":true,"jetpack_social_options":{"image_generator_settings":{"template":"highway","default_image_id":0,"enabled":false},"version":2}},"categories":[2],"tags":[],"class_list":["post-1278","post","type-post","status-publish","format-standard","has-post-thumbnail","hentry","category-noticias"],"jetpack_publicize_connections":[],"_links":{"self":[{"href":"https:\/\/minasemfoco.com.br\/on\/wp-json\/wp\/v2\/posts\/1278","targetHints":{"allow":["GET"]}}],"collection":[{"href":"https:\/\/minasemfoco.com.br\/on\/wp-json\/wp\/v2\/posts"}],"about":[{"href":"https:\/\/minasemfoco.com.br\/on\/wp-json\/wp\/v2\/types\/post"}],"author":[{"embeddable":true,"href":"https:\/\/minasemfoco.com.br\/on\/wp-json\/wp\/v2\/users\/1"}],"replies":[{"embeddable":true,"href":"https:\/\/minasemfoco.com.br\/on\/wp-json\/wp\/v2\/comments?post=1278"}],"version-history":[{"count":2,"href":"https:\/\/minasemfoco.com.br\/on\/wp-json\/wp\/v2\/posts\/1278\/revisions"}],"predecessor-version":[{"id":1284,"href":"https:\/\/minasemfoco.com.br\/on\/wp-json\/wp\/v2\/posts\/1278\/revisions\/1284"}],"wp:featuredmedia":[{"embeddable":true,"href":"https:\/\/minasemfoco.com.br\/on\/wp-json\/wp\/v2\/media\/1281"}],"wp:attachment":[{"href":"https:\/\/minasemfoco.com.br\/on\/wp-json\/wp\/v2\/media?parent=1278"}],"wp:term":[{"taxonomy":"category","embeddable":true,"href":"https:\/\/minasemfoco.com.br\/on\/wp-json\/wp\/v2\/categories?post=1278"},{"taxonomy":"post_tag","embeddable":true,"href":"https:\/\/minasemfoco.com.br\/on\/wp-json\/wp\/v2\/tags?post=1278"}],"curies":[{"name":"wp","href":"https:\/\/api.w.org\/{rel}","templated":true}]}}